{"id":3169,"date":"2021-05-31T15:00:59","date_gmt":"2021-05-31T15:00:59","guid":{"rendered":"https:\/\/chateaudecamurac.com\/le-tour-de-france-vient-cette-annee-pres-du-chateau-de-camurac\/"},"modified":"2021-05-31T15:43:01","modified_gmt":"2021-05-31T15:43:01","slug":"le-tour-de-france-vient-cette-annee-pres-du-chateau-de-camurac","status":"publish","type":"post","link":"https:\/\/chateaudecamurac.com\/fr\/le-tour-de-france-vient-cette-annee-pres-du-chateau-de-camurac\/","title":{"rendered":"Le Tour de France vient cette ann\u00e9e pr\u00e8s du Ch\u00e2teau de Camurac"},"content":{"rendered":"\t\t<div data-elementor-type=\"wp-post\" data-elementor-id=\"3169\" class=\"elementor elementor-3169 elementor-1202\">\n\t\t\t\t\t\t\t\t\t<section class=\"elementor-section elementor-top-section elementor-element elementor-element-4750da0e elementor-section-boxed elementor-section-height-default elementor-section-height-default\" data-id=\"4750da0e\" data-element_type=\"section\">\n\t\t\t\t\t\t<div class=\"elementor-container elementor-column-gap-default\">\n\t\t\t\t\t<div class=\"elementor-column elementor-col-100 elementor-top-column elementor-element elementor-element-3bbf227f\" data-id=\"3bbf227f\" data-element_type=\"column\">\n\t\t\t<div class=\"elementor-widget-wrap elementor-element-populated\">\n\t\t\t\t\t\t\t\t<div class=\"elementor-element elementor-element-2a4d5f47 elementor-widget elementor-widget-text-editor\" data-id=\"2a4d5f47\" data-element_type=\"widget\" data-widget_type=\"text-editor.default\">\n\t\t\t\t<div class=\"elementor-widget-container\">\n\t\t\t\t\t\t\t<p>Le samedi 10 juillet, le dimanche 11 juillet et le lundi 12 juillet, le Tour de France est toujours pr\u00e8s du Ch\u00e2teau de Camurac. Le samedi, vous pouvez tout voir de tr\u00e8s pr\u00e8s, \u00e0 seulement 15 minutes de route de chez nous. L&rsquo;arriv\u00e9e ce jour-l\u00e0 se fera \u00e0 Quillan (\u00e0 45 minutes de route). Vous trouverez ci-dessous un aper\u00e7u de l&rsquo;ensemble du Tour de France en 2021.<\/p>\n\t\t\t\t\t\t<\/div>\n\t\t\t\t<\/div>\n\t\t\t\t\t<\/div>\n\t\t<\/div>\n\t\t\t\t\t\t\t<\/div>\n\t\t<\/section>\n\t\t\t\t<section class=\"elementor-section elementor-top-section elementor-element elementor-element-0e7a949 elementor-section-boxed elementor-section-height-default elementor-section-height-default\" data-id=\"0e7a949\" data-element_type=\"section\">\n\t\t\t\t\t\t<div class=\"elementor-container elementor-column-gap-default\">\n\t\t\t\t\t<div class=\"elementor-column elementor-col-100 elementor-top-column elementor-element elementor-element-1c9457b\" data-id=\"1c9457b\" data-element_type=\"column\">\n\t\t\t<div class=\"elementor-widget-wrap elementor-element-populated\">\n\t\t\t\t\t\t\t\t<div class=\"elementor-element elementor-element-32ac564 elementor-widget elementor-widget-spacer\" data-id=\"32ac564\" data-element_type=\"widget\" data-widget_type=\"spacer.default\">\n\t\t\t\t<div class=\"elementor-widget-container\">\n\t\t\t\t\t<div class=\"elementor-spacer\">\n\t\t\t<div class=\"elementor-spacer-inner\"><\/div>\n\t\t<\/div>\n\t\t\t\t<\/div>\n\t\t\t\t<\/div>\n\t\t\t\t\t<\/div>\n\t\t<\/div>\n\t\t\t\t\t\t\t<\/div>\n\t\t<\/section>\n\t\t\t\t<section class=\"elementor-section elementor-top-section elementor-element elementor-element-97cc06a elementor-section-boxed elementor-section-height-default elementor-section-height-default\" data-id=\"97cc06a\" data-element_type=\"section\">\n\t\t\t\t\t\t<div class=\"elementor-container elementor-column-gap-default\">\n\t\t\t\t\t<div class=\"elementor-column elementor-col-100 elementor-top-column elementor-element elementor-element-753d009\" data-id=\"753d009\" data-element_type=\"column\">\n\t\t\t<div class=\"elementor-widget-wrap elementor-element-populated\">\n\t\t\t\t\t\t\t\t<div class=\"elementor-element elementor-element-3c0907b elementor-widget elementor-widget-image\" data-id=\"3c0907b\" data-element_type=\"widget\" data-widget_type=\"image.default\">\n\t\t\t\t<div class=\"elementor-widget-container\">\n\t\t\t\t\t\t\t\t\t\t\t\t\t\t\t<img loading=\"lazy\" decoding=\"async\" width=\"680\" height=\"510\" src=\"https:\/\/chateaudecamurac.com\/wp-content\/uploads\/2021\/05\/Foto-Tour-de-France-2021.jpg\" class=\"attachment-full size-full wp-image-3171\" alt=\"\" srcset=\"https:\/\/chateaudecamurac.com\/wp-content\/uploads\/2021\/05\/Foto-Tour-de-France-2021.jpg 680w, https:\/\/chateaudecamurac.com\/wp-content\/uploads\/2021\/05\/Foto-Tour-de-France-2021-300x225.jpg 300w\" sizes=\"auto, (max-width: 680px) 100vw, 680px\" \/>\t\t\t\t\t\t\t\t\t\t\t\t\t\t\t<\/div>\n\t\t\t\t<\/div>\n\t\t\t\t\t<\/div>\n\t\t<\/div>\n\t\t\t\t\t\t\t<\/div>\n\t\t<\/section>\n\t\t\t\t\t\t\t<\/div>\n\t\t","protected":false},"excerpt":{"rendered":"<p>Le Tour de France de 2021 passe par le Ch\u00e2teau de Camurac, \u00e0 quelques kilom\u00e8tres de l\u00e0. Si vous voulez vivre l&rsquo;exp\u00e9rience vous-m\u00eame, r\u00e9servez rapidement une chambre ou un appartement. Regardez ici pour plus d&rsquo;informations.<\/p>\n","protected":false},"author":1,"featured_media":3174,"comment_status":"open","ping_status":"open","sticky":false,"template":"","format":"standard","meta":{"footnotes":""},"categories":[24],"tags":[],"class_list":["post-3169","post","type-post","status-publish","format-standard","has-post-thumbnail","hentry","category-non-classifiee"],"yoast_head":"<!-- This site is optimized with the Yoast SEO plugin v21.4 - https:\/\/yoast.com\/wordpress\/plugins\/seo\/ -->\n<title>Le Tour de France vient cette ann\u00e9e pr\u00e8s du Ch\u00e2teau de Camurac - Chateau de Camurac<\/title>\n<meta name=\"description\" content=\"CHATEAU DE CAMURAC Genieten midden in de Franse Pyrenee\u00ebn. KAMERS \u2013 APPARTEMENTEN \u2013 RESTAURANT\" \/>\n<meta name=\"robots\" content=\"index, follow, max-snippet:-1, max-image-preview:large, max-video-preview:-1\" \/>\n<link rel=\"canonical\" href=\"https:\/\/chateaudecamurac.com\/fr\/le-tour-de-france-vient-cette-annee-pres-du-chateau-de-camurac\/\" \/>\n<meta property=\"og:locale\" content=\"fr_FR\" \/>\n<meta property=\"og:type\" content=\"article\" \/>\n<meta property=\"og:title\" content=\"Le Tour de France vient cette ann\u00e9e pr\u00e8s du Ch\u00e2teau de Camurac - Chateau de Camurac\" \/>\n<meta property=\"og:description\" content=\"CHATEAU DE CAMURAC Genieten midden in de Franse Pyrenee\u00ebn. KAMERS \u2013 APPARTEMENTEN \u2013 RESTAURANT\" \/>\n<meta property=\"og:url\" content=\"https:\/\/chateaudecamurac.com\/fr\/le-tour-de-france-vient-cette-annee-pres-du-chateau-de-camurac\/\" \/>\n<meta property=\"og:site_name\" content=\"Chateau de Camurac\" \/>\n<meta property=\"article:published_time\" content=\"2021-05-31T15:00:59+00:00\" \/>\n<meta property=\"article:modified_time\" content=\"2021-05-31T15:43:01+00:00\" \/>\n<meta property=\"og:image\" content=\"https:\/\/chateaudecamurac.com\/wp-content\/uploads\/2021\/05\/wielrennen-bijgesneden.jpg\" \/>\n\t<meta property=\"og:image:width\" content=\"1640\" \/>\n\t<meta property=\"og:image:height\" content=\"924\" \/>\n\t<meta property=\"og:image:type\" content=\"image\/jpeg\" \/>\n<meta name=\"author\" content=\"admin\" \/>\n<meta name=\"twitter:card\" content=\"summary_large_image\" \/>\n<meta name=\"twitter:label1\" content=\"\u00c9crit par\" \/>\n\t<meta name=\"twitter:data1\" content=\"admin\" \/>\n<script type=\"application\/ld+json\" class=\"yoast-schema-graph\">{\"@context\":\"https:\/\/schema.org\",\"@graph\":[{\"@type\":\"Article\",\"@id\":\"https:\/\/chateaudecamurac.com\/fr\/le-tour-de-france-vient-cette-annee-pres-du-chateau-de-camurac\/#article\",\"isPartOf\":{\"@id\":\"https:\/\/chateaudecamurac.com\/fr\/le-tour-de-france-vient-cette-annee-pres-du-chateau-de-camurac\/\"},\"author\":{\"name\":\"admin\",\"@id\":\"https:\/\/chateaudecamurac.com\/fr\/#\/schema\/person\/c06a8fb298db36f89e3bc5bdd1d6fe32\"},\"headline\":\"Le Tour de France vient cette ann\u00e9e pr\u00e8s du Ch\u00e2teau de Camurac\",\"datePublished\":\"2021-05-31T15:00:59+00:00\",\"dateModified\":\"2021-05-31T15:43:01+00:00\",\"mainEntityOfPage\":{\"@id\":\"https:\/\/chateaudecamurac.com\/fr\/le-tour-de-france-vient-cette-annee-pres-du-chateau-de-camurac\/\"},\"wordCount\":79,\"commentCount\":0,\"publisher\":{\"@id\":\"https:\/\/chateaudecamurac.com\/fr\/#organization\"},\"articleSection\":[\"Non classifi\u00e9(e)\"],\"inLanguage\":\"fr-FR\",\"potentialAction\":[{\"@type\":\"CommentAction\",\"name\":\"Comment\",\"target\":[\"https:\/\/chateaudecamurac.com\/fr\/le-tour-de-france-vient-cette-annee-pres-du-chateau-de-camurac\/#respond\"]}]},{\"@type\":\"WebPage\",\"@id\":\"https:\/\/chateaudecamurac.com\/fr\/le-tour-de-france-vient-cette-annee-pres-du-chateau-de-camurac\/\",\"url\":\"https:\/\/chateaudecamurac.com\/fr\/le-tour-de-france-vient-cette-annee-pres-du-chateau-de-camurac\/\",\"name\":\"Le Tour de France vient cette ann\u00e9e pr\u00e8s du Ch\u00e2teau de Camurac - Chateau de Camurac\",\"isPartOf\":{\"@id\":\"https:\/\/chateaudecamurac.com\/fr\/#website\"},\"datePublished\":\"2021-05-31T15:00:59+00:00\",\"dateModified\":\"2021-05-31T15:43:01+00:00\",\"description\":\"CHATEAU DE CAMURAC Genieten midden in de Franse Pyrenee\u00ebn. KAMERS \u2013 APPARTEMENTEN \u2013 RESTAURANT\",\"breadcrumb\":{\"@id\":\"https:\/\/chateaudecamurac.com\/fr\/le-tour-de-france-vient-cette-annee-pres-du-chateau-de-camurac\/#breadcrumb\"},\"inLanguage\":\"fr-FR\",\"potentialAction\":[{\"@type\":\"ReadAction\",\"target\":[\"https:\/\/chateaudecamurac.com\/fr\/le-tour-de-france-vient-cette-annee-pres-du-chateau-de-camurac\/\"]}]},{\"@type\":\"BreadcrumbList\",\"@id\":\"https:\/\/chateaudecamurac.com\/fr\/le-tour-de-france-vient-cette-annee-pres-du-chateau-de-camurac\/#breadcrumb\",\"itemListElement\":[{\"@type\":\"ListItem\",\"position\":1,\"name\":\"Home\",\"item\":\"https:\/\/chateaudecamurac.com\/fr\/\"},{\"@type\":\"ListItem\",\"position\":2,\"name\":\"Le Tour de France vient cette ann\u00e9e pr\u00e8s du Ch\u00e2teau de Camurac\"}]},{\"@type\":\"WebSite\",\"@id\":\"https:\/\/chateaudecamurac.com\/fr\/#website\",\"url\":\"https:\/\/chateaudecamurac.com\/fr\/\",\"name\":\"Chateau de Camurac\",\"description\":\"Chateau de Camurac Enjoy in the middle of the French Pyrenees\",\"publisher\":{\"@id\":\"https:\/\/chateaudecamurac.com\/fr\/#organization\"},\"potentialAction\":[{\"@type\":\"SearchAction\",\"target\":{\"@type\":\"EntryPoint\",\"urlTemplate\":\"https:\/\/chateaudecamurac.com\/fr\/?s={search_term_string}\"},\"query-input\":\"required name=search_term_string\"}],\"inLanguage\":\"fr-FR\"},{\"@type\":\"Organization\",\"@id\":\"https:\/\/chateaudecamurac.com\/fr\/#organization\",\"name\":\"Chateau De Camurac\",\"url\":\"https:\/\/chateaudecamurac.com\/fr\/\",\"logo\":{\"@type\":\"ImageObject\",\"inLanguage\":\"fr-FR\",\"@id\":\"https:\/\/chateaudecamurac.com\/fr\/#\/schema\/logo\/image\/\",\"url\":\"https:\/\/chateaudecamurac.com\/wp-content\/uploads\/2021\/04\/Logo-chateau-met.png\",\"contentUrl\":\"https:\/\/chateaudecamurac.com\/wp-content\/uploads\/2021\/04\/Logo-chateau-met.png\",\"width\":436,\"height\":250,\"caption\":\"Chateau De Camurac\"},\"image\":{\"@id\":\"https:\/\/chateaudecamurac.com\/fr\/#\/schema\/logo\/image\/\"}},{\"@type\":\"Person\",\"@id\":\"https:\/\/chateaudecamurac.com\/fr\/#\/schema\/person\/c06a8fb298db36f89e3bc5bdd1d6fe32\",\"name\":\"admin\",\"image\":{\"@type\":\"ImageObject\",\"inLanguage\":\"fr-FR\",\"@id\":\"https:\/\/chateaudecamurac.com\/fr\/#\/schema\/person\/image\/\",\"url\":\"https:\/\/secure.gravatar.com\/avatar\/3edffde0aea62b891a961caabf9c9aba3482536ac1c9c5a5e4c7cf13dcff6ff3?s=96&d=mm&r=g\",\"contentUrl\":\"https:\/\/secure.gravatar.com\/avatar\/3edffde0aea62b891a961caabf9c9aba3482536ac1c9c5a5e4c7cf13dcff6ff3?s=96&d=mm&r=g\",\"caption\":\"admin\"},\"sameAs\":[\"https:\/\/chateaudecamurac.com\"],\"url\":\"https:\/\/chateaudecamurac.com\/fr\/author\/sabir07\/\"}]}<\/script>\n<!-- \/ Yoast SEO plugin. -->","yoast_head_json":{"title":"Le Tour de France vient cette ann\u00e9e pr\u00e8s du Ch\u00e2teau de Camurac - Chateau de Camurac","description":"CHATEAU DE CAMURAC Genieten midden in de Franse Pyrenee\u00ebn. KAMERS \u2013 APPARTEMENTEN \u2013 RESTAURANT","robots":{"index":"index","follow":"follow","max-snippet":"max-snippet:-1","max-image-preview":"max-image-preview:large","max-video-preview":"max-video-preview:-1"},"canonical":"https:\/\/chateaudecamurac.com\/fr\/le-tour-de-france-vient-cette-annee-pres-du-chateau-de-camurac\/","og_locale":"fr_FR","og_type":"article","og_title":"Le Tour de France vient cette ann\u00e9e pr\u00e8s du Ch\u00e2teau de Camurac - Chateau de Camurac","og_description":"CHATEAU DE CAMURAC Genieten midden in de Franse Pyrenee\u00ebn. KAMERS \u2013 APPARTEMENTEN \u2013 RESTAURANT","og_url":"https:\/\/chateaudecamurac.com\/fr\/le-tour-de-france-vient-cette-annee-pres-du-chateau-de-camurac\/","og_site_name":"Chateau de Camurac","article_published_time":"2021-05-31T15:00:59+00:00","article_modified_time":"2021-05-31T15:43:01+00:00","og_image":[{"width":1640,"height":924,"url":"https:\/\/chateaudecamurac.com\/wp-content\/uploads\/2021\/05\/wielrennen-bijgesneden.jpg","type":"image\/jpeg"}],"author":"admin","twitter_card":"summary_large_image","twitter_misc":{"\u00c9crit par":"admin"},"schema":{"@context":"https:\/\/schema.org","@graph":[{"@type":"Article","@id":"https:\/\/chateaudecamurac.com\/fr\/le-tour-de-france-vient-cette-annee-pres-du-chateau-de-camurac\/#article","isPartOf":{"@id":"https:\/\/chateaudecamurac.com\/fr\/le-tour-de-france-vient-cette-annee-pres-du-chateau-de-camurac\/"},"author":{"name":"admin","@id":"https:\/\/chateaudecamurac.com\/fr\/#\/schema\/person\/c06a8fb298db36f89e3bc5bdd1d6fe32"},"headline":"Le Tour de France vient cette ann\u00e9e pr\u00e8s du Ch\u00e2teau de Camurac","datePublished":"2021-05-31T15:00:59+00:00","dateModified":"2021-05-31T15:43:01+00:00","mainEntityOfPage":{"@id":"https:\/\/chateaudecamurac.com\/fr\/le-tour-de-france-vient-cette-annee-pres-du-chateau-de-camurac\/"},"wordCount":79,"commentCount":0,"publisher":{"@id":"https:\/\/chateaudecamurac.com\/fr\/#organization"},"articleSection":["Non classifi\u00e9(e)"],"inLanguage":"fr-FR","potentialAction":[{"@type":"CommentAction","name":"Comment","target":["https:\/\/chateaudecamurac.com\/fr\/le-tour-de-france-vient-cette-annee-pres-du-chateau-de-camurac\/#respond"]}]},{"@type":"WebPage","@id":"https:\/\/chateaudecamurac.com\/fr\/le-tour-de-france-vient-cette-annee-pres-du-chateau-de-camurac\/","url":"https:\/\/chateaudecamurac.com\/fr\/le-tour-de-france-vient-cette-annee-pres-du-chateau-de-camurac\/","name":"Le Tour de France vient cette ann\u00e9e pr\u00e8s du Ch\u00e2teau de Camurac - Chateau de Camurac","isPartOf":{"@id":"https:\/\/chateaudecamurac.com\/fr\/#website"},"datePublished":"2021-05-31T15:00:59+00:00","dateModified":"2021-05-31T15:43:01+00:00","description":"CHATEAU DE CAMURAC Genieten midden in de Franse Pyrenee\u00ebn. KAMERS \u2013 APPARTEMENTEN \u2013 RESTAURANT","breadcrumb":{"@id":"https:\/\/chateaudecamurac.com\/fr\/le-tour-de-france-vient-cette-annee-pres-du-chateau-de-camurac\/#breadcrumb"},"inLanguage":"fr-FR","potentialAction":[{"@type":"ReadAction","target":["https:\/\/chateaudecamurac.com\/fr\/le-tour-de-france-vient-cette-annee-pres-du-chateau-de-camurac\/"]}]},{"@type":"BreadcrumbList","@id":"https:\/\/chateaudecamurac.com\/fr\/le-tour-de-france-vient-cette-annee-pres-du-chateau-de-camurac\/#breadcrumb","itemListElement":[{"@type":"ListItem","position":1,"name":"Home","item":"https:\/\/chateaudecamurac.com\/fr\/"},{"@type":"ListItem","position":2,"name":"Le Tour de France vient cette ann\u00e9e pr\u00e8s du Ch\u00e2teau de Camurac"}]},{"@type":"WebSite","@id":"https:\/\/chateaudecamurac.com\/fr\/#website","url":"https:\/\/chateaudecamurac.com\/fr\/","name":"Chateau de Camurac","description":"Chateau de Camurac Enjoy in the middle of the French Pyrenees","publisher":{"@id":"https:\/\/chateaudecamurac.com\/fr\/#organization"},"potentialAction":[{"@type":"SearchAction","target":{"@type":"EntryPoint","urlTemplate":"https:\/\/chateaudecamurac.com\/fr\/?s={search_term_string}"},"query-input":"required name=search_term_string"}],"inLanguage":"fr-FR"},{"@type":"Organization","@id":"https:\/\/chateaudecamurac.com\/fr\/#organization","name":"Chateau De Camurac","url":"https:\/\/chateaudecamurac.com\/fr\/","logo":{"@type":"ImageObject","inLanguage":"fr-FR","@id":"https:\/\/chateaudecamurac.com\/fr\/#\/schema\/logo\/image\/","url":"https:\/\/chateaudecamurac.com\/wp-content\/uploads\/2021\/04\/Logo-chateau-met.png","contentUrl":"https:\/\/chateaudecamurac.com\/wp-content\/uploads\/2021\/04\/Logo-chateau-met.png","width":436,"height":250,"caption":"Chateau De Camurac"},"image":{"@id":"https:\/\/chateaudecamurac.com\/fr\/#\/schema\/logo\/image\/"}},{"@type":"Person","@id":"https:\/\/chateaudecamurac.com\/fr\/#\/schema\/person\/c06a8fb298db36f89e3bc5bdd1d6fe32","name":"admin","image":{"@type":"ImageObject","inLanguage":"fr-FR","@id":"https:\/\/chateaudecamurac.com\/fr\/#\/schema\/person\/image\/","url":"https:\/\/secure.gravatar.com\/avatar\/3edffde0aea62b891a961caabf9c9aba3482536ac1c9c5a5e4c7cf13dcff6ff3?s=96&d=mm&r=g","contentUrl":"https:\/\/secure.gravatar.com\/avatar\/3edffde0aea62b891a961caabf9c9aba3482536ac1c9c5a5e4c7cf13dcff6ff3?s=96&d=mm&r=g","caption":"admin"},"sameAs":["https:\/\/chateaudecamurac.com"],"url":"https:\/\/chateaudecamurac.com\/fr\/author\/sabir07\/"}]}},"_links":{"self":[{"href":"https:\/\/chateaudecamurac.com\/fr\/wp-json\/wp\/v2\/posts\/3169","targetHints":{"allow":["GET"]}}],"collection":[{"href":"https:\/\/chateaudecamurac.com\/fr\/wp-json\/wp\/v2\/posts"}],"about":[{"href":"https:\/\/chateaudecamurac.com\/fr\/wp-json\/wp\/v2\/types\/post"}],"author":[{"embeddable":true,"href":"https:\/\/chateaudecamurac.com\/fr\/wp-json\/wp\/v2\/users\/1"}],"replies":[{"embeddable":true,"href":"https:\/\/chateaudecamurac.com\/fr\/wp-json\/wp\/v2\/comments?post=3169"}],"version-history":[{"count":0,"href":"https:\/\/chateaudecamurac.com\/fr\/wp-json\/wp\/v2\/posts\/3169\/revisions"}],"wp:featuredmedia":[{"embeddable":true,"href":"https:\/\/chateaudecamurac.com\/fr\/wp-json\/wp\/v2\/media\/3174"}],"wp:attachment":[{"href":"https:\/\/chateaudecamurac.com\/fr\/wp-json\/wp\/v2\/media?parent=3169"}],"wp:term":[{"taxonomy":"category","embeddable":true,"href":"https:\/\/chateaudecamurac.com\/fr\/wp-json\/wp\/v2\/categories?post=3169"},{"taxonomy":"post_tag","embeddable":true,"href":"https:\/\/chateaudecamurac.com\/fr\/wp-json\/wp\/v2\/tags?post=3169"}],"curies":[{"name":"wp","href":"https:\/\/api.w.org\/{rel}","templated":true}]}}